{"id":4480,"date":"2023-05-09T10:28:36","date_gmt":"2023-05-09T10:28:36","guid":{"rendered":"https:\/\/szjo.uw.edu.pl\/?p=4480"},"modified":"2023-05-14T23:04:38","modified_gmt":"2023-05-14T23:04:38","slug":"miedzynarodowa-studencka-konferencja-naukowa","status":"publish","type":"post","link":"https:\/\/szjo.uw.edu.pl\/?p=4480","title":{"rendered":"Uczucia i warto\u015bci"},"content":{"rendered":"<p>Dnia 06 maja 2023 odby\u0142a si\u0119 Mi\u0119dzynarodowa Studencka Konferencja Naukowa \u201eUczucia i warto\u015bci, kt\u00f3re ocal\u0105 \u015bwiat\u201d zorganizowana przez Wydzia\u0142 Filozoficzny Uniwersytetu \u0141\u00f3dzkiego. Szko\u0142\u0119 J\u0119zyk\u00f3w Obcych reprezentowa\u0142y Mariia Turunovskaia i Anna Sobierajska, kt\u00f3re wyg\u0142osi\u0142y referat, pt. \u201cDialog warto\u015bci w kulturze (na przyk\u0142adzie radzieckich i rosyjskich film\u00f3w fabularnych)\u201d.<br \/>\nW wydarzeniu wzi\u0119li udzia\u0142 studenci z Polski, S\u0142owacji i Australii. Konferencja sta\u0142a si\u0119 wspania\u0142\u0105 okazj\u0105 do wymiany my\u015bli, o\u017cywionej dyskusji oraz do poznania nowych koleg\u00f3w i kole\u017canek uczelni w Polsce i za granic\u0105.<\/p>\n<p><img loading=\"lazy\" decoding=\"async\" class=\"wp-image-4481 alignnone\" src=\"https:\/\/szjo.uw.edu.pl\/wp-content\/uploads\/2023\/05\/20230506_141206-scaled.jpg\" alt=\"\" width=\"318\" height=\"150\" srcset=\"https:\/\/szjo.uw.edu.pl\/wp-content\/uploads\/2023\/05\/20230506_141206-scaled.jpg 2560w, https:\/\/szjo.uw.edu.pl\/wp-content\/uploads\/2023\/05\/20230506_141206-300x142.jpg 300w, https:\/\/szjo.uw.edu.pl\/wp-content\/uploads\/2023\/05\/20230506_141206-1024x485.jpg 1024w, https:\/\/szjo.uw.edu.pl\/wp-content\/uploads\/2023\/05\/20230506_141206-768x363.jpg 768w, https:\/\/szjo.uw.edu.pl\/wp-content\/uploads\/2023\/05\/20230506_141206-1536x727.jpg 1536w, https:\/\/szjo.uw.edu.pl\/wp-content\/uploads\/2023\/05\/20230506_141206-2048x969.jpg 2048w\" sizes=\"auto, (max-width: 318px) 100vw, 318px\" \/> <img loading=\"lazy\" decoding=\"async\" class=\"wp-image-4482 alignnone\" src=\"https:\/\/szjo.uw.edu.pl\/wp-content\/uploads\/2023\/05\/20230506_125111-scaled.jpg\" alt=\"\" width=\"317\" height=\"150\" srcset=\"https:\/\/szjo.uw.edu.pl\/wp-content\/uploads\/2023\/05\/20230506_125111-scaled.jpg 2560w, https:\/\/szjo.uw.edu.pl\/wp-content\/uploads\/2023\/05\/20230506_125111-300x142.jpg 300w, https:\/\/szjo.uw.edu.pl\/wp-content\/uploads\/2023\/05\/20230506_125111-1024x485.jpg 1024w, https:\/\/szjo.uw.edu.pl\/wp-content\/uploads\/2023\/05\/20230506_125111-768x363.jpg 768w, https:\/\/szjo.uw.edu.pl\/wp-content\/uploads\/2023\/05\/20230506_125111-1536x727.jpg 1536w, https:\/\/szjo.uw.edu.pl\/wp-content\/uploads\/2023\/05\/20230506_125111-2048x969.jpg 2048w\" sizes=\"auto, (max-width: 317px) 100vw, 317px\" \/><\/p>\n<p>9\/05\/2023<\/p>","protected":false},"excerpt":{"rendered":"<p>Dnia 06 maja 2023 odby\u0142a si\u0119 Mi\u0119dzynarodowa Studencka Konferencja Naukowa \u201eUczucia i warto\u015bci, kt\u00f3re ocal\u0105 \u015bwiat\u201d zorganizowana przez Wydzia\u0142 Filozoficzny Uniwersytetu \u0141\u00f3dzkiego. Szko\u0142\u0119 J\u0119zyk\u00f3w Obcych reprezentowa\u0142y Mariia Turunovskaia i Anna Sobierajska, kt\u00f3re wyg\u0142osi\u0142y referat, pt. \u201cDialog warto\u015bci w kulturze (na przyk\u0142adzie radzieckich i rosyjskich film\u00f3w fabularnych)\u201d. W wydarzeniu wzi\u0119li udzia\u0142 studenci z Polski, S\u0142owacji i [&hellip;]<\/p>\n","protected":false},"author":2,"featured_media":4481,"comment_status":"closed","ping_status":"closed","sticky":false,"template":"","format":"standard","meta":{"footnotes":""},"categories":[1],"tags":[],"class_list":{"0":"post-4480","1":"post","2":"type-post","3":"status-publish","4":"format-standard","5":"has-post-thumbnail","6":"hentry","7":"category-uncategorized","9":"post-with-thumbnail","10":"post-with-thumbnail-large"},"_links":{"self":[{"href":"https:\/\/szjo.uw.edu.pl\/index.php?rest_route=\/wp\/v2\/posts\/4480","targetHints":{"allow":["GET"]}}],"collection":[{"href":"https:\/\/szjo.uw.edu.pl\/index.php?rest_route=\/wp\/v2\/posts"}],"about":[{"href":"https:\/\/szjo.uw.edu.pl\/index.php?rest_route=\/wp\/v2\/types\/post"}],"author":[{"embeddable":true,"href":"https:\/\/szjo.uw.edu.pl\/index.php?rest_route=\/wp\/v2\/users\/2"}],"replies":[{"embeddable":true,"href":"https:\/\/szjo.uw.edu.pl\/index.php?rest_route=%2Fwp%2Fv2%2Fcomments&post=4480"}],"version-history":[{"count":7,"href":"https:\/\/szjo.uw.edu.pl\/index.php?rest_route=\/wp\/v2\/posts\/4480\/revisions"}],"predecessor-version":[{"id":4518,"href":"https:\/\/szjo.uw.edu.pl\/index.php?rest_route=\/wp\/v2\/posts\/4480\/revisions\/4518"}],"wp:featuredmedia":[{"embeddable":true,"href":"https:\/\/szjo.uw.edu.pl\/index.php?rest_route=\/wp\/v2\/media\/4481"}],"wp:attachment":[{"href":"https:\/\/szjo.uw.edu.pl\/index.php?rest_route=%2Fwp%2Fv2%2Fmedia&parent=4480"}],"wp:term":[{"taxonomy":"category","embeddable":true,"href":"https:\/\/szjo.uw.edu.pl\/index.php?rest_route=%2Fwp%2Fv2%2Fcategories&post=4480"},{"taxonomy":"post_tag","embeddable":true,"href":"https:\/\/szjo.uw.edu.pl\/index.php?rest_route=%2Fwp%2Fv2%2Ftags&post=4480"}],"curies":[{"name":"wp","href":"https:\/\/api.w.org\/{rel}","templated":true}]}}