{"id":4816,"date":"2024-02-26T11:09:37","date_gmt":"2024-02-26T11:09:37","guid":{"rendered":"https:\/\/szjo.uw.edu.pl\/?p=4816"},"modified":"2024-02-26T11:09:37","modified_gmt":"2024-02-26T11:09:37","slug":"miedzynarodowe-cykliczne-spotkanie-dydaktykow-rusycystow","status":"publish","type":"post","link":"https:\/\/szjo.uw.edu.pl\/?p=4816","title":{"rendered":"Mi\u0119dzynarodowe cykliczne spotkanie Dydaktyk\u00f3w Rusycyst\u00f3w"},"content":{"rendered":"<p><\/p>\n<p style=\"font-weight: 400;\">W dniu\u00a0<strong>23.02.2024\u00a0<\/strong>o godz.\u00a0<strong>17.<sup>00<\/sup><\/strong>\u00a0na platformie Teams odby\u0142o si\u0119 kolejne\u00a0<strong>Mi\u0119dzynarodowe cykliczne spotkanie Dydaktyk\u00f3w Rusycyst\u00f3w w ramach Obrad Okr\u0105g\u0142ego Sto\u0142u<\/strong>. Opr\u00f3cz dydaktyk\u00f3w z Polski w Obradach wzi\u0119li aktywny udzia\u0142 dydaktycy z\u00a0Instytutu Slawistyki Uniwersytetu w Regensburgu\u00a0oraz z Katedry J\u0119zyk\u00f3w Obcych Uniwersytetu Beykent w Stambule. Tradycyjnie w Obradach uczestniczyli wyk\u0142adowcy z\u00a0Katolickiego Uniwersytetu Lubelskiego im. Jana Paw\u0142a II, Uniwersytetu Warszawskiego, Uniwersytetu Wroc\u0142awskiego oraz liczna grupa dydaktyk\u00f3w z Katedry Przek\u0142adu i Dydaktyki Uniwersytetu \u0141\u00f3dzkiego. Tym razem do\u0142\u0105czyli do spotkania r\u00f3wnie\u017c dydaktycy z Uniwersytetu im. Adama Mickiewicza w Poznaniu.<\/p>\n<p style=\"font-weight: 400;\">Tematem przewodnim mi\u0119dzynarodowego spotkania by\u0142o\u00a0<strong><em>Leksykalne szale\u0144stwo na wszystkich poziomach j\u0119zykowych<\/em><\/strong><em>.<\/em>\u00a0G\u0142\u00f3wnym celem Obrad by\u0142a wymiana do\u015bwiadcze\u0144 dydaktycznych.<\/p>\n<p><\/p>","protected":false},"excerpt":{"rendered":"<p>W dniu\u00a023.02.2024\u00a0o godz.\u00a017.00\u00a0na platformie Teams odby\u0142o si\u0119 kolejne\u00a0Mi\u0119dzynarodowe cykliczne spotkanie Dydaktyk\u00f3w Rusycyst\u00f3w w ramach Obrad Okr\u0105g\u0142ego Sto\u0142u. Opr\u00f3cz dydaktyk\u00f3w z Polski w Obradach wzi\u0119li aktywny udzia\u0142 dydaktycy z\u00a0Instytutu Slawistyki Uniwersytetu w Regensburgu\u00a0oraz z Katedry J\u0119zyk\u00f3w Obcych Uniwersytetu Beykent w Stambule. Tradycyjnie w Obradach uczestniczyli wyk\u0142adowcy z\u00a0Katolickiego Uniwersytetu Lubelskiego im. Jana Paw\u0142a II, Uniwersytetu Warszawskiego, Uniwersytetu [&hellip;]<\/p>\n","protected":false},"author":2,"featured_media":0,"comment_status":"closed","ping_status":"closed","sticky":false,"template":"","format":"standard","meta":{"footnotes":""},"categories":[1],"tags":[],"class_list":["post-4816","post","type-post","status-publish","format-standard","hentry","category-uncategorized"],"_links":{"self":[{"href":"https:\/\/szjo.uw.edu.pl\/index.php?rest_route=\/wp\/v2\/posts\/4816","targetHints":{"allow":["GET"]}}],"collection":[{"href":"https:\/\/szjo.uw.edu.pl\/index.php?rest_route=\/wp\/v2\/posts"}],"about":[{"href":"https:\/\/szjo.uw.edu.pl\/index.php?rest_route=\/wp\/v2\/types\/post"}],"author":[{"embeddable":true,"href":"https:\/\/szjo.uw.edu.pl\/index.php?rest_route=\/wp\/v2\/users\/2"}],"replies":[{"embeddable":true,"href":"https:\/\/szjo.uw.edu.pl\/index.php?rest_route=%2Fwp%2Fv2%2Fcomments&post=4816"}],"version-history":[{"count":1,"href":"https:\/\/szjo.uw.edu.pl\/index.php?rest_route=\/wp\/v2\/posts\/4816\/revisions"}],"predecessor-version":[{"id":4817,"href":"https:\/\/szjo.uw.edu.pl\/index.php?rest_route=\/wp\/v2\/posts\/4816\/revisions\/4817"}],"wp:attachment":[{"href":"https:\/\/szjo.uw.edu.pl\/index.php?rest_route=%2Fwp%2Fv2%2Fmedia&parent=4816"}],"wp:term":[{"taxonomy":"category","embeddable":true,"href":"https:\/\/szjo.uw.edu.pl\/index.php?rest_route=%2Fwp%2Fv2%2Fcategories&post=4816"},{"taxonomy":"post_tag","embeddable":true,"href":"https:\/\/szjo.uw.edu.pl\/index.php?rest_route=%2Fwp%2Fv2%2Ftags&post=4816"}],"curies":[{"name":"wp","href":"https:\/\/api.w.org\/{rel}","templated":true}]}}