{"id":4941,"date":"2024-04-24T16:10:25","date_gmt":"2024-04-24T16:10:25","guid":{"rendered":"https:\/\/szjo.uw.edu.pl\/?p=4941"},"modified":"2024-04-26T11:24:00","modified_gmt":"2024-04-26T11:24:00","slug":"dzien-otwarty-uniwersytetu-warszawskiego","status":"publish","type":"post","link":"https:\/\/szjo.uw.edu.pl\/?p=4941","title":{"rendered":"Dzie\u0144 Otwarty Uniwersytetu\u00a0Warszawskiego"},"content":{"rendered":"<p>20 kwietnia 2024 odby\u0142 si\u0119 Dzie\u0144 Otwarty Uniwersytetu\u00a0Warszawskiego, podczas kt\u00f3rego kandydaci na studia na naszej Uczelni mieli mo\u017cliwo\u015b\u0107 spotkania z reprezentantami wydzia\u0142\u00f3w i jednostek uniwersyteckich, w tym oczywi\u015bcie z przedstawicielami Centrum Nauczania J\u0119zyk\u00f3w Obcych. Nasi nauczyciele z prawdziwym entuzjazmem podejmowali kontakt z przysz\u0142ymi studentami, udzielali informacji o lektoratach\u00a0i egzaminach j\u0119zykowych, zapraszali do uczestnictwa w naszych zaj\u0119ciach. Dzi\u0119kujemy\u00a0lektorkom\u00a0i lektorom za udzia\u0142 w tym wydarzeniu i czekamy na naszych przysz\u0142ych student\u00f3w!<\/p>\n<p style=\"text-align: center;\"><img loading=\"lazy\" decoding=\"async\" class=\"alignnone wp-image-4943\" src=\"https:\/\/szjo.uw.edu.pl\/wp-content\/uploads\/2024\/04\/20240420_113059-scaled.jpg\" alt=\"\" width=\"389\" height=\"292\" srcset=\"https:\/\/szjo.uw.edu.pl\/wp-content\/uploads\/2024\/04\/20240420_113059-scaled.jpg 2560w, https:\/\/szjo.uw.edu.pl\/wp-content\/uploads\/2024\/04\/20240420_113059-300x225.jpg 300w, https:\/\/szjo.uw.edu.pl\/wp-content\/uploads\/2024\/04\/20240420_113059-1024x768.jpg 1024w, https:\/\/szjo.uw.edu.pl\/wp-content\/uploads\/2024\/04\/20240420_113059-768x576.jpg 768w, https:\/\/szjo.uw.edu.pl\/wp-content\/uploads\/2024\/04\/20240420_113059-1536x1152.jpg 1536w, https:\/\/szjo.uw.edu.pl\/wp-content\/uploads\/2024\/04\/20240420_113059-2048x1536.jpg 2048w\" sizes=\"auto, (max-width: 389px) 100vw, 389px\" \/><\/p>\n<p><img loading=\"lazy\" decoding=\"async\" class=\" wp-image-4947 aligncenter\" src=\"https:\/\/szjo.uw.edu.pl\/wp-content\/uploads\/2024\/04\/Agnieszka-i-Tadeusz.jpeg\" alt=\"\" width=\"387\" height=\"516\" srcset=\"https:\/\/szjo.uw.edu.pl\/wp-content\/uploads\/2024\/04\/Agnieszka-i-Tadeusz.jpeg 540w, https:\/\/szjo.uw.edu.pl\/wp-content\/uploads\/2024\/04\/Agnieszka-i-Tadeusz-225x300.jpeg 225w\" sizes=\"auto, (max-width: 387px) 100vw, 387px\" \/><\/p>\n<p><img loading=\"lazy\" decoding=\"async\" class=\" wp-image-4948 aligncenter\" src=\"https:\/\/szjo.uw.edu.pl\/wp-content\/uploads\/2024\/04\/Agnieszka-i-Kasia.jpg\" alt=\"\" width=\"391\" height=\"294\" srcset=\"https:\/\/szjo.uw.edu.pl\/wp-content\/uploads\/2024\/04\/Agnieszka-i-Kasia.jpg 960w, https:\/\/szjo.uw.edu.pl\/wp-content\/uploads\/2024\/04\/Agnieszka-i-Kasia-300x225.jpg 300w, https:\/\/szjo.uw.edu.pl\/wp-content\/uploads\/2024\/04\/Agnieszka-i-Kasia-768x576.jpg 768w\" sizes=\"auto, (max-width: 391px) 100vw, 391px\" \/><\/p>\n<p><img loading=\"lazy\" decoding=\"async\" class=\" wp-image-4949 aligncenter\" src=\"https:\/\/szjo.uw.edu.pl\/wp-content\/uploads\/2024\/04\/Magda-i-Monika.jpeg\" alt=\"\" width=\"390\" height=\"292\" srcset=\"https:\/\/szjo.uw.edu.pl\/wp-content\/uploads\/2024\/04\/Magda-i-Monika.jpeg 864w, https:\/\/szjo.uw.edu.pl\/wp-content\/uploads\/2024\/04\/Magda-i-Monika-300x225.jpeg 300w, https:\/\/szjo.uw.edu.pl\/wp-content\/uploads\/2024\/04\/Magda-i-Monika-768x576.jpeg 768w\" sizes=\"auto, (max-width: 390px) 100vw, 390px\" \/><\/p>","protected":false},"excerpt":{"rendered":"<p>20 kwietnia 2024 odby\u0142 si\u0119 Dzie\u0144 Otwarty Uniwersytetu\u00a0Warszawskiego, podczas kt\u00f3rego kandydaci na studia na naszej Uczelni mieli mo\u017cliwo\u015b\u0107 spotkania z reprezentantami wydzia\u0142\u00f3w i jednostek uniwersyteckich, w tym oczywi\u015bcie z przedstawicielami Centrum Nauczania J\u0119zyk\u00f3w Obcych. Nasi nauczyciele z prawdziwym entuzjazmem podejmowali kontakt z przysz\u0142ymi studentami, udzielali informacji o lektoratach\u00a0i egzaminach j\u0119zykowych, zapraszali do uczestnictwa w naszych [&hellip;]<\/p>\n","protected":false},"author":2,"featured_media":4942,"comment_status":"closed","ping_status":"closed","sticky":false,"template":"","format":"standard","meta":{"footnotes":""},"categories":[1],"tags":[],"class_list":{"0":"post-4941","1":"post","2":"type-post","3":"status-publish","4":"format-standard","5":"has-post-thumbnail","6":"hentry","7":"category-uncategorized","9":"post-with-thumbnail","10":"post-with-thumbnail-large"},"_links":{"self":[{"href":"https:\/\/szjo.uw.edu.pl\/index.php?rest_route=\/wp\/v2\/posts\/4941","targetHints":{"allow":["GET"]}}],"collection":[{"href":"https:\/\/szjo.uw.edu.pl\/index.php?rest_route=\/wp\/v2\/posts"}],"about":[{"href":"https:\/\/szjo.uw.edu.pl\/index.php?rest_route=\/wp\/v2\/types\/post"}],"author":[{"embeddable":true,"href":"https:\/\/szjo.uw.edu.pl\/index.php?rest_route=\/wp\/v2\/users\/2"}],"replies":[{"embeddable":true,"href":"https:\/\/szjo.uw.edu.pl\/index.php?rest_route=%2Fwp%2Fv2%2Fcomments&post=4941"}],"version-history":[{"count":3,"href":"https:\/\/szjo.uw.edu.pl\/index.php?rest_route=\/wp\/v2\/posts\/4941\/revisions"}],"predecessor-version":[{"id":4950,"href":"https:\/\/szjo.uw.edu.pl\/index.php?rest_route=\/wp\/v2\/posts\/4941\/revisions\/4950"}],"wp:featuredmedia":[{"embeddable":true,"href":"https:\/\/szjo.uw.edu.pl\/index.php?rest_route=\/wp\/v2\/media\/4942"}],"wp:attachment":[{"href":"https:\/\/szjo.uw.edu.pl\/index.php?rest_route=%2Fwp%2Fv2%2Fmedia&parent=4941"}],"wp:term":[{"taxonomy":"category","embeddable":true,"href":"https:\/\/szjo.uw.edu.pl\/index.php?rest_route=%2Fwp%2Fv2%2Fcategories&post=4941"},{"taxonomy":"post_tag","embeddable":true,"href":"https:\/\/szjo.uw.edu.pl\/index.php?rest_route=%2Fwp%2Fv2%2Ftags&post=4941"}],"curies":[{"name":"wp","href":"https:\/\/api.w.org\/{rel}","templated":true}]}}