{"id":4977,"date":"2024-07-01T19:22:52","date_gmt":"2024-07-01T19:22:52","guid":{"rendered":"https:\/\/szjo.uw.edu.pl\/?p=4977"},"modified":"2024-09-13T10:45:54","modified_gmt":"2024-09-13T10:45:54","slug":"zmiana-organizacji-dojscia-do-budynku-cnjo-na-kampusie-glownym-w-sezonie-urlopowym","status":"publish","type":"post","link":"https:\/\/szjo.uw.edu.pl\/?p=4977","title":{"rendered":"DOJ\u015aCIE DO CNJO W WAKACJE"},"content":{"rendered":"<p>W zwi\u0105zku z sezonem urlopowym zmieniona zostanie organizacja ruchu pieszego do budynku CNJO na kampusie przy Krakowskim Przedmie\u015bciu.<\/p>\n<p>Od 1 lipca br. (pon.) drzwi do budynku Wydzia\u0142u Geografii i Studi\u00f3w Regionalnych UW od strony Krakowskiego Przedmie\u015bcia zostan\u0105 zamkni\u0119te.<\/p>\n<p>Do budynku CNJO b\u0119dzie mo\u017cna dotrze\u0107 wy\u0142\u0105cznie bram\u0105\u00a0 od strony Ko\u015bcio\u0142a Wizytek lub przez Muzeum UW.<\/p>","protected":false},"excerpt":{"rendered":"<p>W zwi\u0105zku z sezonem urlopowym zmieniona zostanie organizacja ruchu pieszego do budynku CNJO na kampusie przy Krakowskim Przedmie\u015bciu. Od 1 lipca br. (pon.) drzwi do budynku Wydzia\u0142u Geografii i Studi\u00f3w Regionalnych UW od strony Krakowskiego Przedmie\u015bcia zostan\u0105 zamkni\u0119te. Do budynku CNJO b\u0119dzie mo\u017cna dotrze\u0107 wy\u0142\u0105cznie bram\u0105\u00a0 od strony Ko\u015bcio\u0142a Wizytek lub przez Muzeum UW.<\/p>\n","protected":false},"author":2,"featured_media":4978,"comment_status":"closed","ping_status":"closed","sticky":false,"template":"","format":"standard","meta":{"footnotes":""},"categories":[1],"tags":[],"class_list":{"0":"post-4977","1":"post","2":"type-post","3":"status-publish","4":"format-standard","5":"has-post-thumbnail","6":"hentry","7":"category-uncategorized","9":"post-with-thumbnail","10":"post-with-thumbnail-large"},"_links":{"self":[{"href":"https:\/\/szjo.uw.edu.pl\/index.php?rest_route=\/wp\/v2\/posts\/4977","targetHints":{"allow":["GET"]}}],"collection":[{"href":"https:\/\/szjo.uw.edu.pl\/index.php?rest_route=\/wp\/v2\/posts"}],"about":[{"href":"https:\/\/szjo.uw.edu.pl\/index.php?rest_route=\/wp\/v2\/types\/post"}],"author":[{"embeddable":true,"href":"https:\/\/szjo.uw.edu.pl\/index.php?rest_route=\/wp\/v2\/users\/2"}],"replies":[{"embeddable":true,"href":"https:\/\/szjo.uw.edu.pl\/index.php?rest_route=%2Fwp%2Fv2%2Fcomments&post=4977"}],"version-history":[{"count":4,"href":"https:\/\/szjo.uw.edu.pl\/index.php?rest_route=\/wp\/v2\/posts\/4977\/revisions"}],"predecessor-version":[{"id":4990,"href":"https:\/\/szjo.uw.edu.pl\/index.php?rest_route=\/wp\/v2\/posts\/4977\/revisions\/4990"}],"wp:featuredmedia":[{"embeddable":true,"href":"https:\/\/szjo.uw.edu.pl\/index.php?rest_route=\/wp\/v2\/media\/4978"}],"wp:attachment":[{"href":"https:\/\/szjo.uw.edu.pl\/index.php?rest_route=%2Fwp%2Fv2%2Fmedia&parent=4977"}],"wp:term":[{"taxonomy":"category","embeddable":true,"href":"https:\/\/szjo.uw.edu.pl\/index.php?rest_route=%2Fwp%2Fv2%2Fcategories&post=4977"},{"taxonomy":"post_tag","embeddable":true,"href":"https:\/\/szjo.uw.edu.pl\/index.php?rest_route=%2Fwp%2Fv2%2Ftags&post=4977"}],"curies":[{"name":"wp","href":"https:\/\/api.w.org\/{rel}","templated":true}]}}