{"id":5038,"date":"2024-09-27T19:08:27","date_gmt":"2024-09-27T19:08:27","guid":{"rendered":"https:\/\/szjo.uw.edu.pl\/?p=5038"},"modified":"2024-09-27T19:08:27","modified_gmt":"2024-09-27T19:08:27","slug":"europejski-dzien-jezykow-jezyki-dla-pokoju","status":"publish","type":"post","link":"https:\/\/szjo.uw.edu.pl\/?p=5038","title":{"rendered":"Europejski Dzie\u0144 J\u0119zyk\u00f3w: J\u0119zyki dla pokoju"},"content":{"rendered":"<p><\/p>\n<div>\n<div id=\"dnn_ctr9460_ContentPane\">\n<div id=\"dnn_ctr9460_ModuleContent\">\n<div id=\"dnn_ctr9460_MLHTML_lblContent\">\n<p><strong>2024: J\u0119zyki dla pokoju<\/strong><\/p>\n<\/div>\n<\/div>\n<\/div>\n<\/div>\n<div>\n<div id=\"dnn_ctr7506_ContentPane\">\n<div id=\"dnn_ctr7506_ModuleContent\">\n<div id=\"dnn_ctr7506_MLHTML_lblContent\">\n<blockquote><p>&#8220;W ramach\u00a0 obchod\u00f3w do 700 milion\u00f3w Europejczyk\u00f3w z 46 pa\u0144stw, kt\u00f3re w Radzie Europy reprezentowane s\u0105 przez swoich\u00a0 przedstawicieli,\u00a0 kierowany jest apel o podejmowanie nauki wi\u0119kszej liczby j\u0119zyk\u00f3w\u00a0 i to niezale\u017cnie od wieku ucz\u0105cych si\u0119 oraz formy kszta\u0142cenia \u2013 szkolnej czy pozaszkolnej. Rada Europy w przekonaniu, \u017ce r\u00f3\u017cnorodno\u015b\u0107 j\u0119zykowa stanowi narz\u0119dzie, dzi\u0119ki kt\u00f3remu mo\u017cliwe jest osi\u0105gni\u0119cie wi\u0119kszego wzajemnego zrozumienia pomi\u0119dzy poszczeg\u00f3lnymi kulturami, oraz\u00a0 \u017ce r\u00f3\u017cnorodno\u015b\u0107 j\u0119zykowa stanowi kluczowy czynnik bogatego dziedzictwa kulturowego naszego kontynentu, podejmuje starania maj\u0105ce na celu promowanie wieloj\u0119zyczno\u015bci na terenie ca\u0142ej Europy.<\/p>\n<p>Europejski Dzie\u0144 J\u0119zyk\u00f3w obchodzony jest 26 wrze\u015bnia ka\u017cdego roku od 2001 r. z inicjatywy Rady Europy i we wsp\u00f3\u0142pracy z Komisj\u0105 Europejsk\u0105.&#8221;<\/p><\/blockquote>\n<p>Dowiedz si\u0119 wi\u0119cej: <a href=\"https:\/\/edl.ecml.at\/HOME\/TABID\/1455\/LANGUAGE\/PL-pl\/DEFAULT.ASPX\" target=\"_blank\" rel=\"noopener\">kliknij<\/a><\/p>\n<\/div>\n<\/div>\n<\/div>\n<\/div>\n<p><\/p>","protected":false},"excerpt":{"rendered":"<p>2024: J\u0119zyki dla pokoju &#8220;W ramach\u00a0 obchod\u00f3w do 700 milion\u00f3w Europejczyk\u00f3w z 46 pa\u0144stw, kt\u00f3re w Radzie Europy reprezentowane s\u0105 przez swoich\u00a0 przedstawicieli,\u00a0 kierowany jest apel o podejmowanie nauki wi\u0119kszej liczby j\u0119zyk\u00f3w\u00a0 i to niezale\u017cnie od wieku ucz\u0105cych si\u0119 oraz formy kszta\u0142cenia \u2013 szkolnej czy pozaszkolnej. Rada Europy w przekonaniu, \u017ce r\u00f3\u017cnorodno\u015b\u0107 j\u0119zykowa stanowi narz\u0119dzie, [&hellip;]<\/p>\n","protected":false},"author":2,"featured_media":5039,"comment_status":"closed","ping_status":"closed","sticky":false,"template":"","format":"standard","meta":{"footnotes":""},"categories":[1],"tags":[],"class_list":{"0":"post-5038","1":"post","2":"type-post","3":"status-publish","4":"format-standard","5":"has-post-thumbnail","6":"hentry","7":"category-uncategorized","9":"post-with-thumbnail","10":"post-with-thumbnail-large"},"_links":{"self":[{"href":"https:\/\/szjo.uw.edu.pl\/index.php?rest_route=\/wp\/v2\/posts\/5038","targetHints":{"allow":["GET"]}}],"collection":[{"href":"https:\/\/szjo.uw.edu.pl\/index.php?rest_route=\/wp\/v2\/posts"}],"about":[{"href":"https:\/\/szjo.uw.edu.pl\/index.php?rest_route=\/wp\/v2\/types\/post"}],"author":[{"embeddable":true,"href":"https:\/\/szjo.uw.edu.pl\/index.php?rest_route=\/wp\/v2\/users\/2"}],"replies":[{"embeddable":true,"href":"https:\/\/szjo.uw.edu.pl\/index.php?rest_route=%2Fwp%2Fv2%2Fcomments&post=5038"}],"version-history":[{"count":1,"href":"https:\/\/szjo.uw.edu.pl\/index.php?rest_route=\/wp\/v2\/posts\/5038\/revisions"}],"predecessor-version":[{"id":5040,"href":"https:\/\/szjo.uw.edu.pl\/index.php?rest_route=\/wp\/v2\/posts\/5038\/revisions\/5040"}],"wp:featuredmedia":[{"embeddable":true,"href":"https:\/\/szjo.uw.edu.pl\/index.php?rest_route=\/wp\/v2\/media\/5039"}],"wp:attachment":[{"href":"https:\/\/szjo.uw.edu.pl\/index.php?rest_route=%2Fwp%2Fv2%2Fmedia&parent=5038"}],"wp:term":[{"taxonomy":"category","embeddable":true,"href":"https:\/\/szjo.uw.edu.pl\/index.php?rest_route=%2Fwp%2Fv2%2Fcategories&post=5038"},{"taxonomy":"post_tag","embeddable":true,"href":"https:\/\/szjo.uw.edu.pl\/index.php?rest_route=%2Fwp%2Fv2%2Ftags&post=5038"}],"curies":[{"name":"wp","href":"https:\/\/api.w.org\/{rel}","templated":true}]}}