{"id":5248,"date":"2025-05-07T19:43:50","date_gmt":"2025-05-07T19:43:50","guid":{"rendered":"https:\/\/szjo.uw.edu.pl\/?p=5248"},"modified":"2025-06-23T07:28:26","modified_gmt":"2025-06-23T07:28:26","slug":"8-maja-dzien-zaloby-na-uw","status":"publish","type":"post","link":"https:\/\/szjo.uw.edu.pl\/?p=5248","title":{"rendered":"8 maja \u200bDzie\u0144 \u017ba\u0142oby na UW"},"content":{"rendered":"<p><\/p>\n<div>\n<blockquote>\n<p data-font-size=\"40\">Zgodnie z decyzj\u0105 prof. Alojzego Z. Nowaka, rektora UW, 8 maja jest Dniem \u017ba\u0142oby, bez zaj\u0119\u0107 dydaktycznych i wykonywania pracy na Uniwersytecie Warszawskim. Spo\u0142eczno\u015b\u0107 uczelni jest wstrz\u0105\u015bni\u0119ta brutalnym \u200bz\u200bab\u00f3jstwem, do kt\u00f3rego dosz\u0142o na Kampusie G\u0142\u00f3wnym UW. Niech Dzie\u0144 \u017ba\u0142oby \u200bb\u0119dzie czasem na refleksj\u0119 nad pojawiaj\u0105cymi si\u0119 aktami przemocy i agresji w przestrzeni akademickiej.<\/p>\n<p>https:\/\/www.uw.edu.pl\/%e2%80%8bdzien-zaloby-na-uw\/<\/p><\/blockquote>\n<\/div>\n<p><\/p>","protected":false},"excerpt":{"rendered":"<p>Zgodnie z decyzj\u0105 prof. Alojzego Z. Nowaka, rektora UW, 8 maja jest Dniem \u017ba\u0142oby, bez zaj\u0119\u0107 dydaktycznych i wykonywania pracy na Uniwersytecie Warszawskim. Spo\u0142eczno\u015b\u0107 uczelni jest wstrz\u0105\u015bni\u0119ta brutalnym \u200bz\u200bab\u00f3jstwem, do kt\u00f3rego dosz\u0142o na Kampusie G\u0142\u00f3wnym UW. Niech Dzie\u0144 \u017ba\u0142oby \u200bb\u0119dzie czasem na refleksj\u0119 nad pojawiaj\u0105cymi si\u0119 aktami przemocy i agresji w przestrzeni akademickiej. https:\/\/www.uw.edu.pl\/%e2%80%8bdzien-zaloby-na-uw\/<\/p>\n","protected":false},"author":2,"featured_media":0,"comment_status":"closed","ping_status":"closed","sticky":false,"template":"","format":"standard","meta":{"footnotes":""},"categories":[1],"tags":[],"class_list":["post-5248","post","type-post","status-publish","format-standard","hentry","category-uncategorized"],"_links":{"self":[{"href":"https:\/\/szjo.uw.edu.pl\/index.php?rest_route=\/wp\/v2\/posts\/5248","targetHints":{"allow":["GET"]}}],"collection":[{"href":"https:\/\/szjo.uw.edu.pl\/index.php?rest_route=\/wp\/v2\/posts"}],"about":[{"href":"https:\/\/szjo.uw.edu.pl\/index.php?rest_route=\/wp\/v2\/types\/post"}],"author":[{"embeddable":true,"href":"https:\/\/szjo.uw.edu.pl\/index.php?rest_route=\/wp\/v2\/users\/2"}],"replies":[{"embeddable":true,"href":"https:\/\/szjo.uw.edu.pl\/index.php?rest_route=%2Fwp%2Fv2%2Fcomments&post=5248"}],"version-history":[{"count":1,"href":"https:\/\/szjo.uw.edu.pl\/index.php?rest_route=\/wp\/v2\/posts\/5248\/revisions"}],"predecessor-version":[{"id":5249,"href":"https:\/\/szjo.uw.edu.pl\/index.php?rest_route=\/wp\/v2\/posts\/5248\/revisions\/5249"}],"wp:attachment":[{"href":"https:\/\/szjo.uw.edu.pl\/index.php?rest_route=%2Fwp%2Fv2%2Fmedia&parent=5248"}],"wp:term":[{"taxonomy":"category","embeddable":true,"href":"https:\/\/szjo.uw.edu.pl\/index.php?rest_route=%2Fwp%2Fv2%2Fcategories&post=5248"},{"taxonomy":"post_tag","embeddable":true,"href":"https:\/\/szjo.uw.edu.pl\/index.php?rest_route=%2Fwp%2Fv2%2Ftags&post=5248"}],"curies":[{"name":"wp","href":"https:\/\/api.w.org\/{rel}","templated":true}]}}