{"id":5498,"date":"2026-03-12T14:48:26","date_gmt":"2026-03-12T14:48:26","guid":{"rendered":"https:\/\/szjo.uw.edu.pl\/?p=5498"},"modified":"2026-03-12T14:50:10","modified_gmt":"2026-03-12T14:50:10","slug":"kolejny-odcinek-kuchni-metodycznej","status":"publish","type":"post","link":"https:\/\/szjo.uw.edu.pl\/?p=5498","title":{"rendered":"Kolejny odcinek Kuchni Metodycznej"},"content":{"rendered":"<p>Nowy odcinek podcastu\u00a0<strong>\u201eKuchnia Metodyczna\u201d<\/strong>\u00a0z cyklu\u00a0<strong>\u201eJ\u0119zyki na widelcu\u201d<\/strong>\u00a0po\u015bwi\u0119cony jest\u00a0<strong>j\u0119zykowi francuskiemu i kulturze Francji<\/strong>. W rozmowie pojawiaj\u0105 si\u0119 tematy zwi\u0105zane z nauk\u0105 francuskiego, stereotypami i motywacj\u0105 do nauki j\u0119zyk\u00f3w. Odcinek dost\u0119pny jest na\u00a0<strong>YouTube i Spotify<\/strong>.<\/p>\n<p><img decoding=\"async\" class=\"an1\" draggable=\"false\" src=\"https:\/\/fonts.gstatic.com\/s\/e\/notoemoji\/16.0\/1f3a7\/72.png\" alt=\"\ud83c\udfa7\" data-emoji=\"\ud83c\udfa7\" aria-label=\"\ud83c\udfa7\" \/>&#8220;J\u0119zyki na widelcu&#8221;:<\/p>\n<p><iframe loading=\"lazy\" width=\"560\" height=\"315\" src=\"https:\/\/www.youtube.com\/embed\/WWIrYc7LeiE?si=i4hV5Nq2Qh98g7Xd\" title=\"YouTube video player\" frameborder=\"0\" allow=\"accelerometer; autoplay; clipboard-write; encrypted-media; gyroscope; picture-in-picture; web-share\" referrerpolicy=\"strict-origin-when-cross-origin\" allowfullscreen><\/iframe><\/p>\n<p dir=\"ltr\">Pozdrawiamy serdecznie,<\/p>\n<p dir=\"ltr\">Justyna i Magda<\/p>\n<p><\/p>","protected":false},"excerpt":{"rendered":"<p>Nowy odcinek podcastu\u00a0\u201eKuchnia Metodyczna\u201d\u00a0z cyklu\u00a0\u201eJ\u0119zyki na widelcu\u201d\u00a0po\u015bwi\u0119cony jest\u00a0j\u0119zykowi francuskiemu i kulturze Francji. W rozmowie pojawiaj\u0105 si\u0119 tematy zwi\u0105zane z nauk\u0105 francuskiego, stereotypami i motywacj\u0105 do nauki j\u0119zyk\u00f3w. Odcinek dost\u0119pny jest na\u00a0YouTube i Spotify. &#8220;J\u0119zyki na widelcu&#8221;: Pozdrawiamy serdecznie, Justyna i Magda<\/p>\n","protected":false},"author":1,"featured_media":5257,"comment_status":"closed","ping_status":"closed","sticky":true,"template":"","format":"standard","meta":{"footnotes":""},"categories":[1],"tags":[],"class_list":{"0":"post-5498","1":"post","2":"type-post","3":"status-publish","4":"format-standard","5":"has-post-thumbnail","6":"hentry","7":"category-uncategorized","9":"post-with-thumbnail","10":"post-with-thumbnail-large"},"_links":{"self":[{"href":"https:\/\/szjo.uw.edu.pl\/index.php?rest_route=\/wp\/v2\/posts\/5498","targetHints":{"allow":["GET"]}}],"collection":[{"href":"https:\/\/szjo.uw.edu.pl\/index.php?rest_route=\/wp\/v2\/posts"}],"about":[{"href":"https:\/\/szjo.uw.edu.pl\/index.php?rest_route=\/wp\/v2\/types\/post"}],"author":[{"embeddable":true,"href":"https:\/\/szjo.uw.edu.pl\/index.php?rest_route=\/wp\/v2\/users\/1"}],"replies":[{"embeddable":true,"href":"https:\/\/szjo.uw.edu.pl\/index.php?rest_route=%2Fwp%2Fv2%2Fcomments&post=5498"}],"version-history":[{"count":2,"href":"https:\/\/szjo.uw.edu.pl\/index.php?rest_route=\/wp\/v2\/posts\/5498\/revisions"}],"predecessor-version":[{"id":5500,"href":"https:\/\/szjo.uw.edu.pl\/index.php?rest_route=\/wp\/v2\/posts\/5498\/revisions\/5500"}],"wp:featuredmedia":[{"embeddable":true,"href":"https:\/\/szjo.uw.edu.pl\/index.php?rest_route=\/wp\/v2\/media\/5257"}],"wp:attachment":[{"href":"https:\/\/szjo.uw.edu.pl\/index.php?rest_route=%2Fwp%2Fv2%2Fmedia&parent=5498"}],"wp:term":[{"taxonomy":"category","embeddable":true,"href":"https:\/\/szjo.uw.edu.pl\/index.php?rest_route=%2Fwp%2Fv2%2Fcategories&post=5498"},{"taxonomy":"post_tag","embeddable":true,"href":"https:\/\/szjo.uw.edu.pl\/index.php?rest_route=%2Fwp%2Fv2%2Ftags&post=5498"}],"curies":[{"name":"wp","href":"https:\/\/api.w.org\/{rel}","templated":true}]}}